{"id":573,"date":"2016-03-09T01:08:23","date_gmt":"2016-03-09T04:08:23","guid":{"rendered":"http:\/\/anyssa.com.br\/?p=573"},"modified":"2018-08-12T14:34:25","modified_gmt":"2018-08-12T17:34:25","slug":"participacao-das-mulheres-na-comunidade-wordpress","status":"publish","type":"post","link":"https:\/\/anyssa.com.br\/en\/wordpress\/participacao-das-mulheres-na-comunidade-wordpress\/","title":{"rendered":"A participa\u00e7\u00e3o das mulheres na comunidade WordPress"},"content":{"rendered":"<p>Desde quando comecei a participar das atividades da comunidades brasileira de WordPress, percebi que a participa\u00e7\u00e3o feminina era pequena (quando n\u00e3o inexistente, em alguns momentos).<\/p>\n<p>Eu mesma, s\u00f3 entrei acompanhando meu namorado e s\u00f3cio, que foi o primeiro a se envolver e conversar com as pessoas. Assim, eu tive a oportunidade de me aproximar, conhec\u00ea-los, e ver que ali existia um grupo legal de pessoas e um projeto bacana para se dedicar voluntariamente.<\/p>\n<p>Em 2015, ap\u00f3s v\u00e1rios desagrad\u00e1veis (para usar um eufemismo) relacionados ao ass\u00e9dio \u00e0s mulheres em comunidades de programa\u00e7\u00e3o e tecnologia, a discuss\u00e3o sobre os problemas de machismo chegou at\u00e9 a comunidade WordPress, e como consequ\u00eancia destas discuss\u00f5es, duas medidas foram tomadas:<\/p>\n<ol>\n<li>Foi criado o <a href=\"http:\/\/www.facebook.com\/groups\/848393588531098\/\" target=\"_blank\" rel=\"noopener\">grupo WordPress Brasil Women<\/a> no Facebook, ironicamente por um homem &#8211; o <a href=\"http:\/\/valeriosouza.com.br\/\" target=\"_blank\" rel=\"noopener\">Val\u00e9rio<\/a>, que n\u00f3s entregou &#8220;as chaves&#8221; e caiu fora rs. N\u00f3s mulheres gostamos da proposta do grupo e abra\u00e7amos a\u00a0ideia. Hoje ele ainda \u00e9 t\u00edmido mas j\u00e1 se mostra\u00a0um \u00f3timo espa\u00e7o para networking (alguns neg\u00f3cios e parcerias entre mulheres j\u00e1 sa\u00edram de l\u00e1 por exemplo \\o\/).<\/li>\n<li>O Leo Baiano perguntou o que n\u00f3s mulheres reivindicamos e da\u00ed surgiu a ideia de fazer uma pesquisa, sugerida pelas mulheres que participavam da discuss\u00e3o, como eu, a\u00a0Mariana Maneira Ferreira, e a \u00c1guida Santana.<\/li>\n<\/ol>\n<p>A pesquisa foi feita, gerou resultados interessantes, mas ficou l\u00e1 quietinha. Eu at\u00e9 compilei os resultados em uma apresenta\u00e7\u00e3o em um Meetup no ano passado, mas nunca publiquei. Por isso, decidi divulgar hoje, j\u00e1 que ainda \u00e9 quase Dia Internacional da Mulher (um pouco atrasada, eu sei, porque o dia foi cheio&#8230;). Sem mais delongas, eis os resultados:<\/p>\n<p><iframe src=\"http:\/\/www.slideshare.net\/slideshow\/embed_code\/key\/tmvI9pkmkY9ABM\" width=\"427\" height=\"356\" frameborder=\"0\" marginwidth=\"0\" marginheight=\"0\" scrolling=\"no\" style=\"border:1px solid #CCC; border-width:1px; margin-bottom:5px; max-width: 100%;\" allowfullscreen> <\/iframe> <\/p>\n<div style=\"margin-bottom:5px\"> <strong> <a href=\"http:\/\/www.slideshare.net\/anyssaferreira\/percepo-e-participao-das-mulheres-na-comunidade-wordpress-59293617\" title=\"Percep\u00e7\u00e3o e participa\u00e7\u00e3o das mulheres na comunidade WordPress\" target=\"_blank\" rel=\"noopener\">Percep\u00e7\u00e3o e participa\u00e7\u00e3o das mulheres na comunidade WordPress<\/a> <\/strong> from <strong><a href=\"http:\/\/www.slideshare.net\/anyssaferreira\" target=\"_blank\" rel=\"noopener\">Anyssa Ferreira<\/a><\/strong> <\/div>\n<p><a href=\"http:\/\/docs.google.com\/a\/hastedesign.com.br\/forms\/d\/1JCaBli0rUme5igLMtcVHwV7iuucoamPxHPmskxptYQk\/viewanalytics\" target=\"_blank\" rel=\"noopener\">Veja os resultados direto no Google Drive \u2192<\/a><\/p>\n<h2>O que afasta as mulheres<\/h2>\n<p>Com base nesta pesquisa, percebemos que alguns dos principais motivos das mulheres n\u00e3o participarem dos eventos eram:<\/p>\n<ul>\n<li><strong>Falta de informa\u00e7\u00f5es<\/strong> &#8211; muitas mulheres gostariam de entender melhor o evento antes de confirmar presen\u00e7a. Quem \u00e9 o p\u00fablico? Iniciante ou avan\u00e7ado? Somente desenvolvedores ou pessoas de outras \u00e1reas?<\/li>\n<li><strong>Convite ou pessoas conhecidas<\/strong> &#8211; muitas mulheres preferem ir se se sentirem bem-vindas (alguns ambientes realmente nos fazem se sentir como se n\u00e3o dev\u00eassemos estar l\u00e1). Outras, se sentem mais confiantes se forem com amigos(as) ou conhecer algu\u00e9m que estiver l\u00e1.<\/li>\n<li><strong>Falta de tempo<\/strong> &#8211; a causa pode ser que mulheres gastam mais tempo cuidando de tarefas de casa e dos filhos, por exemplo, al\u00e9m de trabalharem e estudarem. Assim, sobra menos tempo para investir neste tipo de evento.<\/li>\n<\/ul>\n<p>Fora estes motivos, muitas mulheres relataram j\u00e1 ter passado por situa\u00e7\u00f5es de ass\u00e9dio,\u00a0desde excesso de aten\u00e7\u00e3o, piadas machistas, at\u00e9 ouvir coment\u00e1rios sobre outras mulheres e\u00a0cantadas.<\/p>\n<h2>Resultados reais: WordCamp S\u00e3o Paulo 2015<\/h2>\n<p>Depois desta pesquisa, ficou claro\u00a0que as reivindica\u00e7\u00f5es que fizemos n\u00e3o eram <strong>apenas nossas<\/strong>. Muitas mulheres sentiam o mesmo. Muitas mulheres deixavam de participar por conta de coisas consideradas banais por quem n\u00e3o passa por isso.<\/p>\n<p>Ent\u00e3o, resolvemos usar estas informa\u00e7\u00f5es para tentar mudar o cen\u00e1rios no WordCamp S\u00e3o Paulo 2015 e&#8230; funcionou!<\/p>\n<p>Veja os\u00a0resultados:<\/p>\n<h3>O n\u00famero de mulheres palestrantes aumentou de 5%\u00a0em 2014 para 32% em 2015<\/h3>\n<p>Em 2014, o WordCamp s\u00f3 teve uma mulher palestrante entre os 20 selecionados. J\u00e1 em 2015, <a href=\"http:\/\/2015.saopaulo.wordcamp.org\/palestrantes\/\" target=\"_blank\" rel=\"noopener\"><b>9 das 28 <\/b>pessoas que subiram ao palco eram mulheres<\/a>. Muitas mulheres se surpreenderam com esta propor\u00e7\u00e3o e comentaram durante o evento.<\/p>\n<p><b>Como conseguimos: <\/b>fizemos uma divulga\u00e7\u00e3o especial da abertura de submiss\u00e3o de palestras focada em grupos de mulheres, em blogs com grande visita\u00e7\u00e3o e nas redes sociais. Falamos diretamente com v\u00e1rias mulheres que tinham hist\u00f3rias interessantes para contar. Explicamos que o WordCamp \u00e9 aberto \u00e0 todas as pessoas e temas.<\/p>\n<h3>A quantidade de mulheres participantes aumentou De 15% para 21%<\/h3>\n<p>Entre os 280 ingressos vendidos em 2015, <a href=\"http:\/\/2015.saopaulo.wordcamp.org\/participantes\/\" target=\"_blank\" rel=\"noopener\">cerca de 60 foram para mulheres<\/a>. Al\u00e9m disso, tamb\u00e9m houve a participa\u00e7\u00e3o do coletivo <b><a href=\"http:\/\/www.programaria.org\/\" target=\"_blank\" rel=\"noopener\">Programaria<\/a><\/b> para cobrir a presen\u00e7a feminina no evento.<\/p>\n<p><b>Como conseguimos: <\/b>fizemos novamente uma divulga\u00e7\u00e3o em grupos de mulheres, procurando mostrar que o evento estava pronto para recebe-las, que as palestras seriam de n\u00edveis e assuntos variados e que o ambiente seria prop\u00edcio.<\/p>\n<h2>Conclus\u00e3o<\/h2>\n<p>Ajudar nesta pesquisa tamb\u00e9m foi um dos fatores que me destacou para o <a href=\"http:\/\/anyssa.com.br\/o-que-aprendi-com-kim-parsell-298\/\">premio que ganhei da funda\u00e7\u00e3o WordPress<\/a> no ano passado. Isto \u00e9 prova tamb\u00e9m de que prestar aten\u00e7\u00e3o nas mulheres \u00e9 uma tend\u00eancia mundial.<\/p>\n<p>Ainda h\u00e1 muito a ser feito, mas a resposta tem sido positiva. Obrigada \u00e0 todas as mulheres que participam e fazer do WordPress uma comunidade e um software mais feminino! E homens, nos acompanhem nessa jornada!<\/p>\n","protected":false},"excerpt":{"rendered":"<p>Desde quando comecei a participar das atividades da comunidades brasileira de WordPress, percebi que a participa\u00e7\u00e3o feminina era pequena (quando n\u00e3o inexistente, em alguns momentos). Eu mesma, s\u00f3 entrei acompanhando meu namorado e s\u00f3cio, que foi o primeiro a se envolver e conversar com as pessoas. Assim, eu tive a oportunidade de me aproximar, conhec\u00ea-los, [&hellip;]<\/p>\n","protected":false},"author":2,"featured_media":576,"comment_status":"open","ping_status":"closed","sticky":false,"template":"","format":"standard","meta":{"_editorskit_title_hidden":false,"_editorskit_reading_time":0,"_editorskit_is_block_options_detached":false,"_editorskit_block_options_position":"{}","_eb_attr":"","_monsterinsights_skip_tracking":false,"_monsterinsights_sitenote_active":false,"_monsterinsights_sitenote_note":"","_monsterinsights_sitenote_category":0,"footnotes":""},"categories":[3],"tags":[6,4,5],"class_list":["post-573","post","type-post","status-publish","format-standard","has-post-thumbnail","hentry","category-wordpress","tag-comunidade-wordpress","tag-mulheres","tag-pesquisa"],"blocksy_meta":{"styles_descriptor":{"styles":{"desktop":"","tablet":"","mobile":""},"google_fonts":[],"version":6}},"_links":{"self":[{"href":"https:\/\/anyssa.com.br\/en\/wp-json\/wp\/v2\/posts\/573","targetHints":{"allow":["GET"]}}],"collection":[{"href":"https:\/\/anyssa.com.br\/en\/wp-json\/wp\/v2\/posts"}],"about":[{"href":"https:\/\/anyssa.com.br\/en\/wp-json\/wp\/v2\/types\/post"}],"author":[{"embeddable":true,"href":"https:\/\/anyssa.com.br\/en\/wp-json\/wp\/v2\/users\/2"}],"replies":[{"embeddable":true,"href":"https:\/\/anyssa.com.br\/en\/wp-json\/wp\/v2\/comments?post=573"}],"version-history":[{"count":1,"href":"https:\/\/anyssa.com.br\/en\/wp-json\/wp\/v2\/posts\/573\/revisions"}],"predecessor-version":[{"id":1555,"href":"https:\/\/anyssa.com.br\/en\/wp-json\/wp\/v2\/posts\/573\/revisions\/1555"}],"wp:featuredmedia":[{"embeddable":true,"href":"https:\/\/anyssa.com.br\/en\/wp-json\/wp\/v2\/media\/576"}],"wp:attachment":[{"href":"https:\/\/anyssa.com.br\/en\/wp-json\/wp\/v2\/media?parent=573"}],"wp:term":[{"taxonomy":"category","embeddable":true,"href":"https:\/\/anyssa.com.br\/en\/wp-json\/wp\/v2\/categories?post=573"},{"taxonomy":"post_tag","embeddable":true,"href":"https:\/\/anyssa.com.br\/en\/wp-json\/wp\/v2\/tags?post=573"}],"curies":[{"name":"wp","href":"https:\/\/api.w.org\/{rel}","templated":true}]}}